{"id":2290,"date":"2026-08-27T14:40:15","date_gmt":"2026-08-27T12:40:15","guid":{"rendered":"https:\/\/semla.info\/wordpress\/?p=2290"},"modified":"2026-08-27T14:40:15","modified_gmt":"2026-08-27T12:40:15","slug":"vi-bor-samlat-i-tatorter-med-kort-till-naturen","status":"publish","type":"post","link":"https:\/\/semla.info\/wordpress\/2026\/08\/27\/vi-bor-samlat-i-tatorter-med-kort-till-naturen\/","title":{"rendered":"Vi bor samlat i t\u00e4torter med kort till naturen"},"content":{"rendered":"\n<figure class=\"wp-block-image size-full\"><img data-recalc-dims=\"1\" decoding=\"async\" width=\"711\" height=\"237\" data-attachment-id=\"2292\" data-permalink=\"https:\/\/semla.info\/wordpress\/2026\/08\/27\/vi-bor-samlat-i-tatorter-med-kort-till-naturen\/chrome-capture-2026-08-27\/\" data-orig-file=\"https:\/\/i0.wp.com\/semla.info\/wordpress\/wp-content\/uploads\/2026\/08\/chrome-capture-2026-08-27.png?fit=711%2C237&amp;ssl=1\" data-orig-size=\"711,237\" data-comments-opened=\"1\" data-image-meta=\"{&quot;aperture&quot;:&quot;0&quot;,&quot;credit&quot;:&quot;&quot;,&quot;camera&quot;:&quot;&quot;,&quot;caption&quot;:&quot;&quot;,&quot;created_timestamp&quot;:&quot;0&quot;,&quot;copyright&quot;:&quot;&quot;,&quot;focal_length&quot;:&quot;0&quot;,&quot;iso&quot;:&quot;0&quot;,&quot;shutter_speed&quot;:&quot;0&quot;,&quot;title&quot;:&quot;&quot;,&quot;orientation&quot;:&quot;0&quot;}\" data-image-title=\"chrome-capture-2026-08-27\" data-image-description=\"\" data-image-caption=\"\" data-large-file=\"https:\/\/i0.wp.com\/semla.info\/wordpress\/wp-content\/uploads\/2026\/08\/chrome-capture-2026-08-27.png?fit=711%2C237&amp;ssl=1\" src=\"https:\/\/i0.wp.com\/semla.info\/wordpress\/wp-content\/uploads\/2026\/08\/chrome-capture-2026-08-27.png?resize=711%2C237&#038;ssl=1\" alt=\"\" class=\"wp-image-2292\" srcset=\"https:\/\/i0.wp.com\/semla.info\/wordpress\/wp-content\/uploads\/2026\/08\/chrome-capture-2026-08-27.png?w=711&amp;ssl=1 711w, https:\/\/i0.wp.com\/semla.info\/wordpress\/wp-content\/uploads\/2026\/08\/chrome-capture-2026-08-27.png?resize=300%2C100&amp;ssl=1 300w\" sizes=\"(max-width: 711px) 100vw, 711px\" \/><\/figure>\n\n\n\n<ul class=\"wp-block-list\">\n<li><strong>Ca 87\u201388%<\/strong> av Sveriges befolkning bor i t\u00e4torter (sammanh\u00e4ngande bebyggelse med \u2265200 inv\u00e5nare), vilket i praktiken motsvarar de detaljplanerade\/bebyggda omr\u00e5dena i st\u00e4der, t\u00e4torter och st\u00f6rre byar. <\/li>\n\n\n\n<li><strong>Endast ca 5%<\/strong> av t\u00e4tortsbefolkningen saknar gr\u00f6nomr\u00e5de inom 200 meter fr\u00e5n bostaden; allts\u00e5 har <strong>95%<\/strong> n\u00e4rhet till n\u00e5gon form av natur\/gr\u00f6nytta p\u00e5 kort g\u00e5ngavst\u00e5nd. <\/li>\n\n\n\n<li>Fr\u00e5gan om \u201dl\u00e5ngt till naturen\u201d beror p\u00e5 definition, men data visar att en <strong>liten minoritet<\/strong> har mycket l\u00e5ngt till gr\u00f6nomr\u00e5den \u2013 framf\u00f6r allt vissa grupper (t.ex. utrikesf\u00f6dda, l\u00e5ginkomsttagare) har s\u00e4mre tillg\u00e5ng till natur inom g\u00e5ngavst\u00e5nd.folkhalsomyndigheten <\/li>\n<\/ul>\n\n\n\n<!--more-->\n\n\n\n<h2 class=\"wp-block-heading\" id=\"andel-som-bor-i-detaljplaneradebebyggda-omrden\">Andel som bor i detaljplanerade\/bebyggda omr\u00e5den<\/h2>\n\n\n\n<p>I svensk statistik anv\u00e4nds begreppet <strong>t\u00e4tort<\/strong> som proxy f\u00f6r \u201dbebyggda, planerade omr\u00e5den\u201d (st\u00e4der, t\u00e4tbebyggda byar, f\u00f6rorter). En t\u00e4tort definieras som sammanh\u00e4ngande bebyggelse med minst 200 inv\u00e5nare och h\u00f6gst 200 meter mellan husen.affarsmagasinet <\/p>\n\n\n\n<ul class=\"wp-block-list\">\n<li><strong>88%<\/strong> av Sveriges befolkning bodde i t\u00e4tort 2023 (SCB). <\/li>\n\n\n\n<li>Detta motsvarar >9 miljoner m\u00e4nniskor p\u00e5 bara ca <strong>1,3\u20131,5%<\/strong> av Sveriges totala landyta.storstad+1<\/li>\n<\/ul>\n\n\n\n<p>Det finns ingen offentlig statistik som exakt anger \u201dandel som bor inom detaljplan\u201d i hela riket, men eftersom detaljplanering i huvudsak sker i och runt t\u00e4torter, \u00e4r 87\u201388% en rimlig \u00f6vre gr\u00e4ns f\u00f6r andelen som bor i formellt planerade bebyggelseomr\u00e5den. <\/p>\n\n\n\n<h2 class=\"wp-block-heading\" id=\"har-mnga-lngt-till-naturen\">Har m\u00e5nga \u201dl\u00e5ngt till naturen\u201d?<\/h2>\n\n\n\n<p>SCB har kartlagt <strong>gr\u00f6nstruktur i alla t\u00e4torter<\/strong> (ca 2 000 st) och rapporterar n\u00e4rhet till gr\u00f6nomr\u00e5den fr\u00e5n bostaden.<\/p>\n\n\n\n<ul class=\"wp-block-list\">\n<li><strong>95%<\/strong> av t\u00e4tortsbefolkningen hade minst ett gr\u00f6nomr\u00e5de inom <strong>200 meter<\/strong> fr\u00e5n bostaden \u00e5r 2020.scb+1<\/li>\n\n\n\n<li>Det inneb\u00e4r att bara <strong>ca 5%<\/strong> av t\u00e4tortsbefolkningen kan s\u00e4gas ha \u201dl\u00e5ngt\u201d (>200 m) till n\u00e4rmaste gr\u00f6nomr\u00e5de enligt denna definition.<a href=\"https:\/\/www.scb.se\/hitta-statistik\/statistik-efter-amne\/boende-bebyggelse-och-mark\/markanvandning\/gronytor-i-och-omkring-tatorter\/pong\/statistiknyhet\/gronytor-och-gronomraden-i-tatorter-2020\/\" target=\"_blank\" rel=\"noreferrer noopener\">scb<\/a><\/li>\n<\/ul>\n\n\n\n<p>F\u00f6r st\u00f6rre gr\u00f6nomr\u00e5den (parker, rekreationsomr\u00e5den) varierar andelen beroende p\u00e5 avst\u00e5ndskrav och storlek. I Malm\u00f6 t.ex. hade <strong>89,5%<\/strong> tillg\u00e5ng till en grannskapspark inom 500 m, och <strong>97,1%<\/strong> till ett st\u00f6rre rekreationsomr\u00e5de inom 3 000 m (2020).<a rel=\"noreferrer noopener\" target=\"_blank\" href=\"https:\/\/miljobarometern.malmo.se\/miljomal\/mal-6\/tillgang-och-narhet-till-parker-och-rekreativa-platser\/tillgang-till-gronomraden\/compare\/\">miljobarometern.malmo<\/a><\/p>\n\n\n\n<h2 class=\"wp-block-heading\" id=\"skillnader-mellan-grupper\">Skillnader mellan grupper<\/h2>\n\n\n\n<p>Folkh\u00e4lsomyndigheten och andra pekar p\u00e5 att <strong>tillg\u00e5ng och anv\u00e4ndning av natur \u00e4r oj\u00e4mlikt f\u00f6rdelat<\/strong>:<\/p>\n\n\n\n<ul class=\"wp-block-list\">\n<li>Unga, utrikesf\u00f6dda och personer med l\u00e4gre inkomst vistas <strong>mindre ofta i naturen<\/strong>.folkhalsomyndigheten+1<\/li>\n\n\n\n<li>Utrikesf\u00f6dda har oftare <strong>s\u00e4mre tillg\u00e5ng till natur inom g\u00e5ngavst\u00e5nd<\/strong> fr\u00e5n hemmet.<a href=\"https:\/\/via.tt.se\/pressmeddelande\/4353512\/allemansratten-galler-alla-men-varfor-syns-inte-alla-i-naturen?publisherId=3237347&amp;lang=sv\" target=\"_blank\" rel=\"noreferrer noopener\">via.tt<\/a><\/li>\n<\/ul>\n\n\n\n<p>Det finns allts\u00e5 en mindre, men viktig, grupp som upplever eller har faktiskt <strong>l\u00e5ngt till anv\u00e4ndbar natur<\/strong>, \u00e4ven om den absoluta andelen med mycket l\u00e5ngt avst\u00e5nd (&gt;200\u2013500 m till n\u00e5got gr\u00f6nomr\u00e5de) \u00e4r liten i genomsnitt.<\/p>\n","protected":false},"excerpt":{"rendered":"","protected":false},"author":1,"featured_media":2292,"comment_status":"open","ping_status":"open","sticky":false,"template":"","format":"standard","meta":{"_bbp_topic_count":0,"_bbp_reply_count":0,"_bbp_total_topic_count":0,"_bbp_total_reply_count":0,"_bbp_voice_count":0,"_bbp_anonymous_reply_count":0,"_bbp_topic_count_hidden":0,"_bbp_reply_count_hidden":0,"_bbp_forum_subforum_count":0,"_jetpack_newsletter_access":"","_jetpack_dont_email_post_to_subs":false,"_jetpack_newsletter_tier_id":0,"_jetpack_memberships_contains_paywalled_content":false,"_jetpack_memberships_contains_paid_content":false,"footnotes":"","jetpack_publicize_message":"","jetpack_publicize_feature_enabled":true,"jetpack_social_post_already_shared":true,"jetpack_social_options":{"image_generator_settings":{"template":"highway","default_image_id":0,"font":"","enabled":false},"version":2},"jetpack_post_was_ever_published":false},"categories":[1],"tags":[],"class_list":["post-2290","post","type-post","status-publish","format-standard","has-post-thumbnail","hentry","category-uncategorized"],"jetpack_publicize_connections":[],"jetpack_featured_media_url":"https:\/\/i0.wp.com\/semla.info\/wordpress\/wp-content\/uploads\/2026\/08\/chrome-capture-2026-08-27.png?fit=711%2C237&ssl=1","jetpack_sharing_enabled":true,"jetpack_shortlink":"https:\/\/wp.me\/p9Q3iH-AW","jetpack-related-posts":[],"_links":{"self":[{"href":"https:\/\/semla.info\/wordpress\/wp-json\/wp\/v2\/posts\/2290","targetHints":{"allow":["GET"]}}],"collection":[{"href":"https:\/\/semla.info\/wordpress\/wp-json\/wp\/v2\/posts"}],"about":[{"href":"https:\/\/semla.info\/wordpress\/wp-json\/wp\/v2\/types\/post"}],"author":[{"embeddable":true,"href":"https:\/\/semla.info\/wordpress\/wp-json\/wp\/v2\/users\/1"}],"replies":[{"embeddable":true,"href":"https:\/\/semla.info\/wordpress\/wp-json\/wp\/v2\/comments?post=2290"}],"version-history":[{"count":3,"href":"https:\/\/semla.info\/wordpress\/wp-json\/wp\/v2\/posts\/2290\/revisions"}],"predecessor-version":[{"id":2294,"href":"https:\/\/semla.info\/wordpress\/wp-json\/wp\/v2\/posts\/2290\/revisions\/2294"}],"wp:featuredmedia":[{"embeddable":true,"href":"https:\/\/semla.info\/wordpress\/wp-json\/wp\/v2\/media\/2292"}],"wp:attachment":[{"href":"https:\/\/semla.info\/wordpress\/wp-json\/wp\/v2\/media?parent=2290"}],"wp:term":[{"taxonomy":"category","embeddable":true,"href":"https:\/\/semla.info\/wordpress\/wp-json\/wp\/v2\/categories?post=2290"},{"taxonomy":"post_tag","embeddable":true,"href":"https:\/\/semla.info\/wordpress\/wp-json\/wp\/v2\/tags?post=2290"}],"curies":[{"name":"wp","href":"https:\/\/api.w.org\/{rel}","templated":true}]}}